{"id":287,"date":"2022-06-26T11:30:06","date_gmt":"2022-06-26T09:30:06","guid":{"rendered":"https:\/\/minirailnantais.fr\/?p=287"},"modified":"2025-02-10T15:59:58","modified_gmt":"2025-02-10T14:59:58","slug":"lexposition-aux-herbiers","status":"publish","type":"post","link":"https:\/\/minirailnantais.fr\/index.php\/2022\/06\/26\/lexposition-aux-herbiers\/","title":{"rendered":"L&rsquo;exposition aux Herbiers"},"content":{"rendered":"\n<figure class=\"wp-block-image size-full\"><img loading=\"lazy\" decoding=\"async\" width=\"480\" height=\"679\" src=\"https:\/\/minirailnantais.fr\/wp-content\/uploads\/2024\/06\/Fede-Rail2022-FFMF.jpg\" alt=\"\" class=\"wp-image-233\" srcset=\"https:\/\/minirailnantais.fr\/wp-content\/uploads\/2024\/06\/Fede-Rail2022-FFMF.jpg 480w, https:\/\/minirailnantais.fr\/wp-content\/uploads\/2024\/06\/Fede-Rail2022-FFMF-212x300.jpg 212w\" sizes=\"auto, (max-width: 480px) 100vw, 480px\" \/><\/figure>\n\n\n\n<p>Les 25 et 26 juin 2022 s&rsquo;est tenu la sixi\u00e8me \u00e9dition de F\u00e9d\u00e9 Rail organis\u00e9e par la F\u00e9d\u00e9ration Fran\u00e7aise de Mod\u00e9lisme Ferroviaire.<br>Atelier 19<br>Parc des Expositions,<br>Rue du 11 Novembre 1918,<br>LES HERBIERS<\/p>\n\n\n\n<p>Sur 4500 m\u00b2 d\u2019expositions ont \u00e9t\u00e9 pr\u00e9sent\u00e9s une trentaine de r\u00e9seaux.<br>Sur un r\u00e9seau de Modules Juniors r\u00e9alis\u00e9 en commun par des mod\u00e9listes espagnols, portugais et fran\u00e7ais ont circul\u00e9 des trains qui, annonc\u00e9s en partance \u00e0 une heure d\u00e9termin\u00e9e ont \u00e9t\u00e9 \u00e0 l\u2019heure \u00e0 destination.<\/p>\n\n\n\n<p>Le d\u00e9p\u00f4t du Mini Rail Nantais \u00e9tait pr\u00e9sent.<\/p>\n\n\n\n<figure class=\"wp-block-image size-full\"><img loading=\"lazy\" decoding=\"async\" width=\"800\" height=\"600\" src=\"https:\/\/minirailnantais.fr\/wp-content\/uploads\/2024\/06\/Les-Herbiers-2022-06-25.jpg\" alt=\"\" class=\"wp-image-286\" srcset=\"https:\/\/minirailnantais.fr\/wp-content\/uploads\/2024\/06\/Les-Herbiers-2022-06-25.jpg 800w, https:\/\/minirailnantais.fr\/wp-content\/uploads\/2024\/06\/Les-Herbiers-2022-06-25-300x225.jpg 300w, https:\/\/minirailnantais.fr\/wp-content\/uploads\/2024\/06\/Les-Herbiers-2022-06-25-768x576.jpg 768w\" sizes=\"auto, (max-width: 706px) 89vw, (max-width: 767px) 82vw, 740px\" \/><\/figure>\n\n\n\n<figure class=\"wp-block-image size-full\"><img loading=\"lazy\" decoding=\"async\" width=\"800\" height=\"600\" src=\"https:\/\/minirailnantais.fr\/wp-content\/uploads\/2024\/06\/Les-Herbiers-1-1.jpg\" alt=\"\" class=\"wp-image-299\" srcset=\"https:\/\/minirailnantais.fr\/wp-content\/uploads\/2024\/06\/Les-Herbiers-1-1.jpg 800w, https:\/\/minirailnantais.fr\/wp-content\/uploads\/2024\/06\/Les-Herbiers-1-1-300x225.jpg 300w, https:\/\/minirailnantais.fr\/wp-content\/uploads\/2024\/06\/Les-Herbiers-1-1-768x576.jpg 768w\" sizes=\"auto, (max-width: 706px) 89vw, (max-width: 767px) 82vw, 740px\" \/><\/figure>\n","protected":false},"excerpt":{"rendered":"<p>Les 25 et 26 juin 2022 s&rsquo;est tenu la sixi\u00e8me \u00e9dition de F\u00e9d\u00e9 Rail organis\u00e9e par la F\u00e9d\u00e9ration Fran\u00e7aise de Mod\u00e9lisme Ferroviaire.Atelier 19Parc des Expositions,Rue du 11 Novembre 1918,LES HERBIERS Sur 4500 m\u00b2 d\u2019expositions ont \u00e9t\u00e9 pr\u00e9sent\u00e9s une trentaine de r\u00e9seaux.Sur un r\u00e9seau de Modules Juniors r\u00e9alis\u00e9 en commun par des mod\u00e9listes espagnols, portugais et &hellip; <\/p>\n<p class=\"link-more\"><a href=\"https:\/\/minirailnantais.fr\/index.php\/2022\/06\/26\/lexposition-aux-herbiers\/\" class=\"more-link\">Continuer la lecture<span class=\"screen-reader-text\"> de &laquo;&nbsp;L&rsquo;exposition aux Herbiers&nbsp;&raquo;<\/span><\/a><\/p>\n","protected":false},"author":3,"featured_media":0,"comment_status":"closed","ping_status":"open","sticky":false,"template":"","format":"standard","meta":{"footnotes":""},"categories":[7],"tags":[],"class_list":["post-287","post","type-post","status-publish","format-standard","hentry","category-le-voyage-en-train"],"rttpg_featured_image_url":null,"rttpg_author":{"display_name":"Jean-Raymond GUILLAUME","author_link":"https:\/\/minirailnantais.fr\/index.php\/author\/superviseur\/"},"rttpg_comment":0,"rttpg_category":"<a href=\"https:\/\/minirailnantais.fr\/index.php\/category\/le-voyage-en-train\/\" rel=\"category tag\">Expositions<\/a>","rttpg_excerpt":"Les 25 et 26 juin 2022 s&rsquo;est tenu la sixi\u00e8me \u00e9dition de F\u00e9d\u00e9 Rail organis\u00e9e par la F\u00e9d\u00e9ration Fran\u00e7aise de Mod\u00e9lisme Ferroviaire.Atelier 19Parc des Expositions,Rue du 11 Novembre 1918,LES HERBIERS Sur 4500 m\u00b2 d\u2019expositions ont \u00e9t\u00e9 pr\u00e9sent\u00e9s une trentaine de r\u00e9seaux.Sur un r\u00e9seau de Modules Juniors r\u00e9alis\u00e9 en commun par des mod\u00e9listes espagnols, portugais et\u2026","_links":{"self":[{"href":"https:\/\/minirailnantais.fr\/index.php\/wp-json\/wp\/v2\/posts\/287","targetHints":{"allow":["GET"]}}],"collection":[{"href":"https:\/\/minirailnantais.fr\/index.php\/wp-json\/wp\/v2\/posts"}],"about":[{"href":"https:\/\/minirailnantais.fr\/index.php\/wp-json\/wp\/v2\/types\/post"}],"author":[{"embeddable":true,"href":"https:\/\/minirailnantais.fr\/index.php\/wp-json\/wp\/v2\/users\/3"}],"replies":[{"embeddable":true,"href":"https:\/\/minirailnantais.fr\/index.php\/wp-json\/wp\/v2\/comments?post=287"}],"version-history":[{"count":11,"href":"https:\/\/minirailnantais.fr\/index.php\/wp-json\/wp\/v2\/posts\/287\/revisions"}],"predecessor-version":[{"id":1011,"href":"https:\/\/minirailnantais.fr\/index.php\/wp-json\/wp\/v2\/posts\/287\/revisions\/1011"}],"wp:attachment":[{"href":"https:\/\/minirailnantais.fr\/index.php\/wp-json\/wp\/v2\/media?parent=287"}],"wp:term":[{"taxonomy":"category","embeddable":true,"href":"https:\/\/minirailnantais.fr\/index.php\/wp-json\/wp\/v2\/categories?post=287"},{"taxonomy":"post_tag","embeddable":true,"href":"https:\/\/minirailnantais.fr\/index.php\/wp-json\/wp\/v2\/tags?post=287"}],"curies":[{"name":"wp","href":"https:\/\/api.w.org\/{rel}","templated":true}]}}