{"id":913,"date":"2025-10-03T12:02:00","date_gmt":"2025-10-03T10:02:00","guid":{"rendered":"https:\/\/minirailnantais.fr\/?p=913"},"modified":"2025-10-24T11:27:26","modified_gmt":"2025-10-24T09:27:26","slug":"exposition-rail-ocean-2025","status":"publish","type":"post","link":"https:\/\/minirailnantais.fr\/index.php\/2025\/10\/03\/exposition-rail-ocean-2025\/","title":{"rendered":"Exposition Rail Oc\u00e9an 2025"},"content":{"rendered":"\n<p>Les 18 et 19 octobre 2025 en association avec Le Comit\u00e9 UAICF Ouest: <a href=\"https:\/\/www.uaicf.asso.fr\/comite-uaicf-ouest\/\">https:\/\/www.uaicf.asso.fr\/comite-uaicf-ouest\/<\/a> et l&rsquo;UAICF : <a href=\"https:\/\/www.uaicf.asso.fr\/\">https:\/\/www.uaicf.asso.fr\/<\/a>,  le club Mini Rail Nantais sera heureux de vous accueillir pour l&rsquo;exposition Rail Oc\u00e9an 2025.<\/p>\n\n\n\n<figure class=\"wp-block-image size-full\"><img loading=\"lazy\" decoding=\"async\" width=\"1130\" height=\"1600\" src=\"https:\/\/minirailnantais.fr\/wp-content\/uploads\/2025\/07\/Affiche_2025_finale.jpg\" alt=\"\" class=\"wp-image-1076\" srcset=\"https:\/\/minirailnantais.fr\/wp-content\/uploads\/2025\/07\/Affiche_2025_finale.jpg 1130w, https:\/\/minirailnantais.fr\/wp-content\/uploads\/2025\/07\/Affiche_2025_finale-212x300.jpg 212w, https:\/\/minirailnantais.fr\/wp-content\/uploads\/2025\/07\/Affiche_2025_finale-723x1024.jpg 723w, https:\/\/minirailnantais.fr\/wp-content\/uploads\/2025\/07\/Affiche_2025_finale-768x1087.jpg 768w, https:\/\/minirailnantais.fr\/wp-content\/uploads\/2025\/07\/Affiche_2025_finale-1085x1536.jpg 1085w\" sizes=\"auto, (max-width: 706px) 89vw, (max-width: 767px) 82vw, 740px\" \/><\/figure>\n\n\n\n<p>Cette exposition vous donnera la possibilit\u00e9 de retrouver les artisans et revendeurs suivants. N&rsquo;h\u00e9sitez pas \u00e0 aller consulter leur site.<\/p>\n\n\n\n<p>AZAR Models&nbsp;: <a href=\"https:\/\/azar-models.com\">https:\/\/azar-models.com<\/a><br>Boutique Trains&nbsp;: &nbsp;&nbsp;<a href=\"https:\/\/boutique-train.fr\">https:\/\/boutique-train.fr<\/a><br>D\u00e9pann&rsquo; Loco&nbsp;: <a href=\"https:\/\/depann-loco.e-monsite.com\">https:\/\/depann-loco.e-monsite.com<\/a><br>DP2C Distribution SAS (distri models)&nbsp;: <a href=\"https:\/\/shop.distrimodel.com\">https:\/\/shop.distrimodel.com<\/a><br>Est Mod\u00e8les&nbsp;: <a href=\"http:\/\/est-modeles.com\">http:\/\/est-modeles.com<\/a><br>I Prod&nbsp;: <a href=\"https:\/\/www.iprod-ho.com\">https:\/\/www.iprod-ho.com<\/a><br>JMR&nbsp;: <a href=\"https:\/\/angersjmr.com\">https:\/\/angersjmr.com<\/a><br>LDP&nbsp;: <a href=\"https:\/\/www.ledecorprincipalement.com\">https:\/\/www.ledecorprincipalement.com<\/a><br>MIDI 3D&nbsp;: <a href=\"https:\/\/midi3d.fr\">https:\/\/midi3d.fr<\/a><br>REE Mod\u00e8les&nbsp;: <a href=\"https:\/\/www.ree-modeles.com\">https:\/\/www.ree-modeles.com<\/a><br>SAI collection&nbsp;: <a href=\"https:\/\/www.sai-collections.fr\">https:\/\/www.sai-collections.fr<\/a><br>Star Boutique&nbsp;: <a href=\"https:\/\/www.star-boutique.fr\">https:\/\/www.star-boutique.fr<\/a><br>Stock 87&nbsp;: <a href=\"https:\/\/www.stock87.fr\">https:\/\/www.stock87.fr<\/a><br>Train Mod\u00e8le SAS &nbsp;<a href=\"https:\/\/train-modele.fr\">https:\/\/train-modele.fr<\/a><br>FFMF&nbsp;: <a href=\"https:\/\/www.ffmf\">https:\/\/www.ffmf<\/a><\/p>\n\n\n\n<p>Localisation : Complexe sportif \u00c9ric Tabarly 44641 INDRE.<\/p>\n\n\n<p><iframe loading=\"lazy\" width=\"425\" height=\"360\" src=\"https:\/\/www.openstreetmap.org\/export\/embed.html?bbox=-1.6708472371101382%2C47.198227701644434%2C-1.6663679480552676%2C47.19975126006375&amp;layer=mapnik\" style=\"border: 1px solid black\"><\/iframe><br \/><small><a href=\"https:\/\/www.openstreetmap.org\/#map=19\/47.198989\/-1.668608\">Afficher une carte plus grande<\/a><\/small><\/p>\n\n\n\n<p>Le dossier de presse : <\/p>\n\n\n\n<div data-wp-interactive=\"core\/file\" class=\"wp-block-file\"><object data-wp-bind--hidden=\"!state.hasPdfPreview\" hidden class=\"wp-block-file__embed\" data=\"https:\/\/minirailnantais.fr\/wp-content\/uploads\/2025\/02\/Doc_Presse_2025-Copie.pdf\" type=\"application\/pdf\" style=\"width:100%;height:600px\" aria-label=\"Contenu embarqu\u00e9 Doc_Presse_2025 - Copie.\"><\/object><a id=\"wp-block-file--media-ad1a7e12-68ba-4f08-948d-8926b6d27456\" href=\"https:\/\/minirailnantais.fr\/wp-content\/uploads\/2025\/02\/Doc_Presse_2025-Copie.pdf\">Doc_Presse_2025 &#8211; Copie<\/a><a href=\"https:\/\/minirailnantais.fr\/wp-content\/uploads\/2025\/02\/Doc_Presse_2025-Copie.pdf\" class=\"wp-block-file__button wp-element-button\" download aria-describedby=\"wp-block-file--media-ad1a7e12-68ba-4f08-948d-8926b6d27456\">T\u00e9l\u00e9charger<\/a><\/div>\n","protected":false},"excerpt":{"rendered":"<p>Les 18 et 19 octobre 2025 en association avec Le Comit\u00e9 UAICF Ouest: https:\/\/www.uaicf.asso.fr\/comite-uaicf-ouest\/ et l&rsquo;UAICF : https:\/\/www.uaicf.asso.fr\/, le club Mini Rail Nantais sera heureux de vous accueillir pour l&rsquo;exposition Rail Oc\u00e9an 2025. Cette exposition vous donnera la possibilit\u00e9 de retrouver les artisans et revendeurs suivants. N&rsquo;h\u00e9sitez pas \u00e0 aller consulter leur site. AZAR Models&nbsp;: &hellip; <\/p>\n<p class=\"link-more\"><a href=\"https:\/\/minirailnantais.fr\/index.php\/2025\/10\/03\/exposition-rail-ocean-2025\/\" class=\"more-link\">Continuer la lecture<span class=\"screen-reader-text\"> de &laquo;&nbsp;Exposition Rail Oc\u00e9an 2025&nbsp;&raquo;<\/span><\/a><\/p>\n","protected":false},"author":3,"featured_media":0,"comment_status":"closed","ping_status":"closed","sticky":false,"template":"","format":"standard","meta":{"footnotes":""},"categories":[7],"tags":[],"class_list":["post-913","post","type-post","status-publish","format-standard","hentry","category-le-voyage-en-train"],"rttpg_featured_image_url":null,"rttpg_author":{"display_name":"Jean-Raymond GUILLAUME","author_link":"https:\/\/minirailnantais.fr\/index.php\/author\/superviseur\/"},"rttpg_comment":0,"rttpg_category":"<a href=\"https:\/\/minirailnantais.fr\/index.php\/category\/le-voyage-en-train\/\" rel=\"category tag\">Expositions<\/a>","rttpg_excerpt":"Les 18 et 19 octobre 2025 en association avec Le Comit\u00e9 UAICF Ouest: https:\/\/www.uaicf.asso.fr\/comite-uaicf-ouest\/ et l&rsquo;UAICF : https:\/\/www.uaicf.asso.fr\/, le club Mini Rail Nantais sera heureux de vous accueillir pour l&rsquo;exposition Rail Oc\u00e9an 2025. Cette exposition vous donnera la possibilit\u00e9 de retrouver les artisans et revendeurs suivants. N&rsquo;h\u00e9sitez pas \u00e0 aller consulter leur site. AZAR Models&nbsp;:\u2026","_links":{"self":[{"href":"https:\/\/minirailnantais.fr\/index.php\/wp-json\/wp\/v2\/posts\/913","targetHints":{"allow":["GET"]}}],"collection":[{"href":"https:\/\/minirailnantais.fr\/index.php\/wp-json\/wp\/v2\/posts"}],"about":[{"href":"https:\/\/minirailnantais.fr\/index.php\/wp-json\/wp\/v2\/types\/post"}],"author":[{"embeddable":true,"href":"https:\/\/minirailnantais.fr\/index.php\/wp-json\/wp\/v2\/users\/3"}],"replies":[{"embeddable":true,"href":"https:\/\/minirailnantais.fr\/index.php\/wp-json\/wp\/v2\/comments?post=913"}],"version-history":[{"count":31,"href":"https:\/\/minirailnantais.fr\/index.php\/wp-json\/wp\/v2\/posts\/913\/revisions"}],"predecessor-version":[{"id":1277,"href":"https:\/\/minirailnantais.fr\/index.php\/wp-json\/wp\/v2\/posts\/913\/revisions\/1277"}],"wp:attachment":[{"href":"https:\/\/minirailnantais.fr\/index.php\/wp-json\/wp\/v2\/media?parent=913"}],"wp:term":[{"taxonomy":"category","embeddable":true,"href":"https:\/\/minirailnantais.fr\/index.php\/wp-json\/wp\/v2\/categories?post=913"},{"taxonomy":"post_tag","embeddable":true,"href":"https:\/\/minirailnantais.fr\/index.php\/wp-json\/wp\/v2\/tags?post=913"}],"curies":[{"name":"wp","href":"https:\/\/api.w.org\/{rel}","templated":true}]}}